{"id":68,"date":"2025-09-04T22:50:44","date_gmt":"2025-09-04T19:50:44","guid":{"rendered":"http:\/\/localhost\/koodisivustot\/wsoy-kirjallisuussaatio\/taidewp\/index.php\/elga-sesemann-wsoyn-kirjallisuussaatia-n-kokoelmissa\/"},"modified":"2025-09-11T18:13:52","modified_gmt":"2025-09-11T15:13:52","slug":"elga-sesemann-wsoyn-kirjallisuussaatia-n-kokoelmissa","status":"publish","type":"post","link":"https:\/\/wsoy-kirjallisuussaatio.fi\/taidekokoelma\/elga-sesemann-wsoyn-kirjallisuussaatia-n-kokoelmissa\/","title":{"rendered":"Elga Sesemann WSOY:n kirjallisuuss\u00e4\u00e4ti\u00f6n kokoelmissa"},"content":{"rendered":"<div>\n<figure id=\"attachment_1466\"><\/figure>\n<p>On maaliskuu 1945 ja B\u00e4cksbackan taidesalongissa kuhisee. Unioninkadun salongissa pidet\u00e4\u00e4n Elga Sesemannin ensimm\u00e4inen yksityisn\u00e4yttely, jossa on esill\u00e4 42 maalausta ja kymmenen pastellity\u00f6t\u00e4. N\u00e4yttelyn maalauksista myytiin 28, pastellit\u00f6ist\u00e4 j\u00e4ljelle j\u00e4i nelj\u00e4. Samaisesta n\u00e4yttelyst\u00e4 on hankittu WSOY:n kirjallisuuss\u00e4\u00e4ti\u00f6n kokoelmissa olevat teokset <em>Miehen muotokuva<\/em> sek\u00e4 Sesemannin sisaren Nellyn muotokuva, <em>Sisaren muotokuva<\/em>. Miehen mallina on istunut taiteilija-aviomies Seppo N\u00e4\u00e4t\u00e4nen, jonka kanssa Sesemann asui Ruovedell\u00e4 sijainneessa Elkalana tunnetussa pytingiss\u00e4.<\/p>\n<p>1945 pidetty n\u00e4yttely oli Elga Sesemannin taiteellinen l\u00e4pimurto. Sesemann on tunnettu vaikuttavista ekspressionistista teoksistaan, joiden v\u00e4rik\u00e4sitys on omaa luokkaansa. 1980-luvun puolella h\u00e4nen tuotantonsa alkoi l\u00e4henty\u00e4 jo kubistista ilmaisukielt\u00e4, jossa tutut aiheet hajoavat geometrisiksi, jopa konemaisiksi muodoiksi.<\/p>\n<p>Sesemann oli muutakin kuin omaleimainen taidemaalari: Vuonna 2002 taiteilija debytoi runoilijana, 80-vuoden i\u00e4ss\u00e4 runokokoelmallaan <em>Sade kirjoitti lyijykyn\u00e4ll\u00e4<\/em>. T\u00e4t\u00e4 ennen Sesemann oli julkaissut omael\u00e4m\u00e4kerrallisen teoksensa <em>Kuvajaisia \u2013 Er\u00e4\u00e4n omakuvan taustamaisemaa<\/em> WSOY:n kustantamana 1959.<\/p>\n<p>L\u00e4hteet:<\/p>\n<p>Konttinen R: <em>T\u00e4\u00e4lt\u00e4 tullaan! Naistaiteilijat modernin murroksessa.<\/em> Helsinki 2017: Kustannusosakeyhti\u00f6 Siltala.<\/p>\n<p>WSOY:n kirjallisuuss\u00e4\u00e4ti\u00f6n taidekokoelman arkisto.<\/p>\n<p><a href=\"https:\/\/www.elgasesemann.com\/ \">Elga Sesemannin kotisivut<\/a> (4.1.2019)<\/p>\n<p><a href=\"http:\/\/kirjava.fng.fi\/ \">Suomalaisen kuvataiteen bibliografia<\/a> (4.1.2019)<\/p>\n<p>Valokuvat: Katri Lehtola. \u00a9 Kuvasto 2019<\/p>\n<\/div>\n<figure id=\"attachment_1212\" aria-describedby=\"caption-attachment-1212\" style=\"width: 482px\" class=\"wp-caption alignnone\"><img loading=\"lazy\" decoding=\"async\" class=\"size-full wp-image-1212\" src=\"https:\/\/wsoy-kirjallisuussaatio.fi\/taidewp\/wp-content\/uploads\/2025\/09\/sesemann.jpg\" alt=\"\" width=\"482\" height=\"652\" srcset=\"https:\/\/wsoy-kirjallisuussaatio.fi\/taidekokoelma\/wp-content\/uploads\/2025\/09\/sesemann.jpg 482w, https:\/\/wsoy-kirjallisuussaatio.fi\/taidekokoelma\/wp-content\/uploads\/2025\/09\/sesemann-222x300.jpg 222w\" sizes=\"auto, (max-width: 482px) 100vw, 482px\" \/><figcaption id=\"caption-attachment-1212\" class=\"wp-caption-text\">Elga Sesemann: Sisaren muotokuva, 1945. \u00d6jymaalaus.<\/figcaption><\/figure>\n<p>&nbsp;<\/p>\n","protected":false},"excerpt":{"rendered":"<p>On maaliskuu 1945 ja B\u00e4cksbackan taidesalongissa kuhisee. Unioninkadun salongissa pidet\u00e4\u00e4n Elga Sesemannin ensimm\u00e4inen yksityisn\u00e4yttely, jossa on esill\u00e4 42 maalausta ja kymmenen pastellity\u00f6t\u00e4. N\u00e4yttelyn maalauksista myytiin 28, pastellit\u00f6ist\u00e4 j\u00e4ljelle j\u00e4i nelj\u00e4. Samaisesta n\u00e4yttelyst\u00e4 on hankittu WSOY:n kirjallisuuss\u00e4\u00e4ti\u00f6n kokoelmissa olevat teokset Miehen muotokuva sek\u00e4 Sesemannin sisaren Nellyn muotokuva, Sisaren muotokuva. Miehen mallina on istunut taiteilija-aviomies Seppo N\u00e4\u00e4t\u00e4nen, [&#8230;]<\/p>\n<p><a class=\"btn btn-secondary understrap-read-more-link\" href=\"https:\/\/wsoy-kirjallisuussaatio.fi\/taidekokoelma\/elga-sesemann-wsoyn-kirjallisuussaatia-n-kokoelmissa\/\">Lue lis\u00e4\u00e4&#8230;<span class=\"screen-reader-text\"> from Elga Sesemann WSOY:n kirjallisuuss\u00e4\u00e4ti\u00f6n kokoelmissa<\/span><\/a><\/p>\n","protected":false},"author":1,"featured_media":214,"comment_status":"open","ping_status":"open","sticky":false,"template":"","format":"standard","meta":{"footnotes":""},"categories":[8,9],"tags":[],"class_list":["post-68","post","type-post","status-publish","format-standard","has-post-thumbnail","hentry","category-taidenosto","category-taidenosto-kuvalla"],"_links":{"self":[{"href":"https:\/\/wsoy-kirjallisuussaatio.fi\/taidekokoelma\/wp-json\/wp\/v2\/posts\/68","targetHints":{"allow":["GET"]}}],"collection":[{"href":"https:\/\/wsoy-kirjallisuussaatio.fi\/taidekokoelma\/wp-json\/wp\/v2\/posts"}],"about":[{"href":"https:\/\/wsoy-kirjallisuussaatio.fi\/taidekokoelma\/wp-json\/wp\/v2\/types\/post"}],"author":[{"embeddable":true,"href":"https:\/\/wsoy-kirjallisuussaatio.fi\/taidekokoelma\/wp-json\/wp\/v2\/users\/1"}],"replies":[{"embeddable":true,"href":"https:\/\/wsoy-kirjallisuussaatio.fi\/taidekokoelma\/wp-json\/wp\/v2\/comments?post=68"}],"version-history":[{"count":6,"href":"https:\/\/wsoy-kirjallisuussaatio.fi\/taidekokoelma\/wp-json\/wp\/v2\/posts\/68\/revisions"}],"predecessor-version":[{"id":1260,"href":"https:\/\/wsoy-kirjallisuussaatio.fi\/taidekokoelma\/wp-json\/wp\/v2\/posts\/68\/revisions\/1260"}],"wp:featuredmedia":[{"embeddable":true,"href":"https:\/\/wsoy-kirjallisuussaatio.fi\/taidekokoelma\/wp-json\/wp\/v2\/media\/214"}],"wp:attachment":[{"href":"https:\/\/wsoy-kirjallisuussaatio.fi\/taidekokoelma\/wp-json\/wp\/v2\/media?parent=68"}],"wp:term":[{"taxonomy":"category","embeddable":true,"href":"https:\/\/wsoy-kirjallisuussaatio.fi\/taidekokoelma\/wp-json\/wp\/v2\/categories?post=68"},{"taxonomy":"post_tag","embeddable":true,"href":"https:\/\/wsoy-kirjallisuussaatio.fi\/taidekokoelma\/wp-json\/wp\/v2\/tags?post=68"}],"curies":[{"name":"wp","href":"https:\/\/api.w.org\/{rel}","templated":true}]}}