{"id":69,"date":"2025-09-04T22:50:44","date_gmt":"2025-09-04T19:50:44","guid":{"rendered":"http:\/\/localhost\/koodisivustot\/wsoy-kirjallisuussaatio\/taidewp\/index.php\/eva-cederstra-min-teos-auringon-laskettua\/"},"modified":"2025-09-11T17:20:29","modified_gmt":"2025-09-11T14:20:29","slug":"eva-cederstra-min-teos-auringon-laskettua","status":"publish","type":"post","link":"https:\/\/wsoy-kirjallisuussaatio.fi\/taidekokoelma\/eva-cederstra-min-teos-auringon-laskettua\/","title":{"rendered":"Eva Cederstr\u00f6min teos Auringon laskettua"},"content":{"rendered":"<p>Vuonna 1945 Ilta-Sanomiin haastatellut suomalaiset toivoivat rauhaa, rakkautta ja kahvia. Sota jatkui edelleen Euroopassa ja Lapissa, mutta Suomen tilanne alkoi rauhoittua. Sellaisesta Suomesta taidemaalari Eva Cederstr\u00f6m (1909\u20131995) maalasi herk\u00e4n, tunnelmaltaan pys\u00e4htyneen ja seesteisen, mutta toisaalta odottavan teoksensa<em> Auringon laskettua <\/em>(1945).<\/p>\n<p>Viipurissa, Pariisissa ja Helsingiss\u00e4 opiskellut taiteilija asui maalauksen valmistumisen aikaan Katajanokalla ateljeekodissaan. Kuvassa n\u00e4kyv\u00e4 maisema lienee siis Helsinki\u00e4. Tunnistatko sin\u00e4 maiseman?<\/p>\n<p>Eva Cederstr\u00f6m tunnetaan ennen kaikkea 1950-luvulla vakiintuneesta kubisoivasta otteestaan, sinisen s\u00e4vyjen mestarillisesta hallinnastaan sek\u00e4 suurisilm\u00e4isist\u00e4, vakavista, ekspressiivisist\u00e4 omakuvistaan. Maalasi Cederstr\u00f6m my\u00f6s onnistuneita muotokuvia kirjailijoista. Sirkka Seljan sek\u00e4 Helvi H\u00e4m\u00e4l\u00e4isen muotokuvat l\u00f6ytyv\u00e4t Suomen Kirjailijaliiton taidekokoelmista.<\/p>\n<p>Cederstr\u00f6m itse nimitti 1940-lukua taiteelliseksi etsikkoajakseen, jolloin h\u00e4n viel\u00e4 haki omaa tyyli\u00e4\u00e4n. Teos on kaunis tutkielma hiljaisesta kaupungista, joka lumivaippaan k\u00e4\u00e4riytyneen\u00e4 odottaa el\u00e4m\u00e4n saapuvan sodasta vapaille kaduille.<\/p>\n<p>L\u00e4hteet:<\/p>\n<p>Kolbe L, Nystr\u00f6m S, Vesikansa J:<em> Helsinki 1945. P\u00e4\u00e4kaupunki ja rauha.\u00a0<\/em> Helsinki 2015: Minerva Kustannus Oy.<\/p>\n<p>Konttinen R: <em>T\u00e4\u00e4lt\u00e4 tullaan! Naistaiteilijat modernin murroksessa<\/em>. 260-266. Helsinki 2017: Kustannusosakeyhti\u00f6 Siltala.<\/p>\n<p>WSOY:n kirjallisuuss\u00e4\u00e4ti\u00f6n taidekokoelman arkisto.<\/p>\n<p>Valokuva: Katri Lehtola.<\/p>\n<p>\u00a9 Kuvasto 2019<\/p>\n","protected":false},"excerpt":{"rendered":"<p>Vuonna 1945 Ilta-Sanomiin haastatellut suomalaiset toivoivat rauhaa, rakkautta ja kahvia. Sota jatkui edelleen Euroopassa ja Lapissa, mutta Suomen tilanne alkoi rauhoittua. Sellaisesta Suomesta taidemaalari Eva Cederstr\u00f6m (1909\u20131995) maalasi herk\u00e4n, tunnelmaltaan pys\u00e4htyneen ja seesteisen, mutta toisaalta odottavan teoksensa Auringon laskettua (1945). Viipurissa, Pariisissa ja Helsingiss\u00e4 opiskellut taiteilija asui maalauksen valmistumisen aikaan Katajanokalla ateljeekodissaan. Kuvassa n\u00e4kyv\u00e4 maisema [&#8230;]<\/p>\n<p><a class=\"btn btn-secondary understrap-read-more-link\" href=\"https:\/\/wsoy-kirjallisuussaatio.fi\/taidekokoelma\/eva-cederstra-min-teos-auringon-laskettua\/\">Lue lis\u00e4\u00e4&#8230;<span class=\"screen-reader-text\"> from Eva Cederstr\u00f6min teos Auringon laskettua<\/span><\/a><\/p>\n","protected":false},"author":1,"featured_media":213,"comment_status":"open","ping_status":"open","sticky":false,"template":"","format":"standard","meta":{"footnotes":""},"categories":[8,9],"tags":[],"class_list":["post-69","post","type-post","status-publish","format-standard","has-post-thumbnail","hentry","category-taidenosto","category-taidenosto-kuvalla"],"_links":{"self":[{"href":"https:\/\/wsoy-kirjallisuussaatio.fi\/taidekokoelma\/wp-json\/wp\/v2\/posts\/69","targetHints":{"allow":["GET"]}}],"collection":[{"href":"https:\/\/wsoy-kirjallisuussaatio.fi\/taidekokoelma\/wp-json\/wp\/v2\/posts"}],"about":[{"href":"https:\/\/wsoy-kirjallisuussaatio.fi\/taidekokoelma\/wp-json\/wp\/v2\/types\/post"}],"author":[{"embeddable":true,"href":"https:\/\/wsoy-kirjallisuussaatio.fi\/taidekokoelma\/wp-json\/wp\/v2\/users\/1"}],"replies":[{"embeddable":true,"href":"https:\/\/wsoy-kirjallisuussaatio.fi\/taidekokoelma\/wp-json\/wp\/v2\/comments?post=69"}],"version-history":[{"count":5,"href":"https:\/\/wsoy-kirjallisuussaatio.fi\/taidekokoelma\/wp-json\/wp\/v2\/posts\/69\/revisions"}],"predecessor-version":[{"id":1166,"href":"https:\/\/wsoy-kirjallisuussaatio.fi\/taidekokoelma\/wp-json\/wp\/v2\/posts\/69\/revisions\/1166"}],"wp:featuredmedia":[{"embeddable":true,"href":"https:\/\/wsoy-kirjallisuussaatio.fi\/taidekokoelma\/wp-json\/wp\/v2\/media\/213"}],"wp:attachment":[{"href":"https:\/\/wsoy-kirjallisuussaatio.fi\/taidekokoelma\/wp-json\/wp\/v2\/media?parent=69"}],"wp:term":[{"taxonomy":"category","embeddable":true,"href":"https:\/\/wsoy-kirjallisuussaatio.fi\/taidekokoelma\/wp-json\/wp\/v2\/categories?post=69"},{"taxonomy":"post_tag","embeddable":true,"href":"https:\/\/wsoy-kirjallisuussaatio.fi\/taidekokoelma\/wp-json\/wp\/v2\/tags?post=69"}],"curies":[{"name":"wp","href":"https:\/\/api.w.org\/{rel}","templated":true}]}}