{"id":71,"date":"2025-09-04T22:50:44","date_gmt":"2025-09-04T19:50:44","guid":{"rendered":"http:\/\/localhost\/koodisivustot\/wsoy-kirjallisuussaatio\/taidewp\/index.php\/esikoiskirjailijan-muotokuva-vuodelta-1939\/"},"modified":"2025-09-11T18:00:48","modified_gmt":"2025-09-11T15:00:48","slug":"esikoiskirjailijan-muotokuva-vuodelta-1939","status":"publish","type":"post","link":"https:\/\/wsoy-kirjallisuussaatio.fi\/taidekokoelma\/esikoiskirjailijan-muotokuva-vuodelta-1939\/","title":{"rendered":"Esikoiskirjailijan muotokuva vuodelta 1939"},"content":{"rendered":"<p>Irja Salla (1912\u20131966) julkaisi esikoisteoksensa <em>Kaksi tiet\u00e4<\/em> samana vuonna, kun Anton Lindforss (1890\u20131943) tallensi h\u00e4nen v\u00e4lttelev\u00e4n katseensa t\u00e4h\u00e4n muotokuvaan. Taiteilijaa ja mallia yhdisti koulutus, joka ei vastannut uravalintaa. Irja Salla kouluttautui graafikoksi, mutta p\u00e4\u00e4tyi kirjailijaksi. Lindforssista taas tuli taidemaalari, vaikka oli opiskellut oikeustieteit\u00e4.<\/p>\n<p>Toinen yhdist\u00e4v\u00e4 tekij\u00e4 on Tyko Sallinen (1879\u20131955). Irja Salla kirjailijanime\u00e4 k\u00e4ytt\u00e4nyt Taju Sallinen varttui is\u00e4ns\u00e4 Tyko Sallisen Krapula-ateljeekodissa Anton Lindforssin, hiljaisen nuorukaisen, asuttaessa naapurin Humala-ateljeeta. Lindforss on saanut n\u00e4hd\u00e4 Sallan kasvun haastavissa oloissa pienest\u00e4 tyt\u00f6st\u00e4 esikoiskirjailijaksi. Muotokuvan omistusteksti kuuluu tuttavallisesti: \u201dTajulle\u201d.<\/p>\n<p>Lindforss oli 1918\u20131924 vaikuttaneen Marraskuun ryhm\u00e4n nuorta polvea, mutta Irja Sallan muotokuva on valmistunut 1939. Tuolloin marraskuulaisuus oli jo j\u00e4\u00e4nyt menneisyyteen ja Lindforssin itsen\u00e4inen ura oli jatkanut kehittymist\u00e4\u00e4n tuotteliaasti jo l\u00e4hes kaksikymment\u00e4 vuotta. Lindforss nostetaan esiin ennen kaikkea my\u00f6h\u00e4istuotannostaan tuttujen laakeiden maisemakuvausten voimallisena tulkkina, mutta h\u00e4nen ihmisaiheensa ovat pys\u00e4ytt\u00e4v\u00e4n tarkkoja. T\u00e4ss\u00e4 teoksessa Irja Salla on kuvattu modernin ajan naisena kauluspaidassa ja vihre\u00e4ss\u00e4 puvussa. Lindforssin teoksille on tyypillist\u00e4 mallin melankolinen poissaolo, joka leimaa my\u00f6s Irja Sallan muotokuvaa.<\/p>\n<p>Irja Sallasta on WSOY:n kirjallisuuss\u00e4\u00e4ti\u00f6n kokoelmassa my\u00f6s toinen muotokuva: Essi Renvallin veistos, joka valmistui kymmenen vuotta t\u00e4m\u00e4n maalauksen j\u00e4lkeen.<\/p>\n<p>L\u00e4hteet:<\/p>\n<p>Konttinen R: <em>T\u00e4\u00e4lt\u00e4 tullaan! Naistaiteilijat modernin murroksessa<\/em>. 85, 143-145. Helsinki 2017: Kustannusosakeyhti\u00f6 Siltala.<\/p>\n<p>Ojanper\u00e4, R:<em> Pinta ja syvyys : varhainen modernismi Suomessa 1890-1920.<\/em> Helsinki, 2001: Valtion taidemuseo \/ Ateneumin taidemuseo.<\/p>\n<p>Suomalaisten kirjastojen verkkopalvelu <a href=\"https:\/\/www.kirjasampo.fi\/fi\/kulsa\/kauno%253Aperson_1231759https:\/\/www.kirjasampo.fi\/fi\/kulsa\/kauno%253Aperson_12317595020653950206539\">Kirjasampo.<\/a> (4.1.2019)<\/p>\n<div>\n<figure id=\"attachment_1206\" aria-describedby=\"caption-attachment-1206\" style=\"width: 478px\" class=\"wp-caption alignnone\"><img loading=\"lazy\" decoding=\"async\" class=\"wp-image-1206 size-full\" src=\"https:\/\/wsoy-kirjallisuussaatio.fi\/taidewp\/wp-content\/uploads\/2025\/09\/Lindforss.jpg\" alt=\"\" width=\"478\" height=\"652\" srcset=\"https:\/\/wsoy-kirjallisuussaatio.fi\/taidekokoelma\/wp-content\/uploads\/2025\/09\/Lindforss.jpg 478w, https:\/\/wsoy-kirjallisuussaatio.fi\/taidekokoelma\/wp-content\/uploads\/2025\/09\/Lindforss-220x300.jpg 220w\" sizes=\"auto, (max-width: 478px) 100vw, 478px\" \/><figcaption id=\"caption-attachment-1206\" class=\"wp-caption-text\">Anton Lindforss: Irja Salla, 1939. \u00d6ljymaalaus. Valokuva: Katri Lehtola.<\/figcaption><\/figure>\n<\/div>\n<p>&nbsp;<\/p>\n","protected":false},"excerpt":{"rendered":"<p>Irja Salla (1912\u20131966) julkaisi esikoisteoksensa Kaksi tiet\u00e4 samana vuonna, kun Anton Lindforss (1890\u20131943) tallensi h\u00e4nen v\u00e4lttelev\u00e4n katseensa t\u00e4h\u00e4n muotokuvaan. Taiteilijaa ja mallia yhdisti koulutus, joka ei vastannut uravalintaa. Irja Salla kouluttautui graafikoksi, mutta p\u00e4\u00e4tyi kirjailijaksi. Lindforssista taas tuli taidemaalari, vaikka oli opiskellut oikeustieteit\u00e4. Toinen yhdist\u00e4v\u00e4 tekij\u00e4 on Tyko Sallinen (1879\u20131955). Irja Salla kirjailijanime\u00e4 k\u00e4ytt\u00e4nyt Taju [&#8230;]<\/p>\n<p><a class=\"btn btn-secondary understrap-read-more-link\" href=\"https:\/\/wsoy-kirjallisuussaatio.fi\/taidekokoelma\/esikoiskirjailijan-muotokuva-vuodelta-1939\/\">Lue lis\u00e4\u00e4&#8230;<span class=\"screen-reader-text\"> from Esikoiskirjailijan muotokuva vuodelta 1939<\/span><\/a><\/p>\n","protected":false},"author":1,"featured_media":0,"comment_status":"open","ping_status":"open","sticky":false,"template":"","format":"standard","meta":{"footnotes":""},"categories":[8],"tags":[],"class_list":["post-71","post","type-post","status-publish","format-standard","hentry","category-taidenosto"],"_links":{"self":[{"href":"https:\/\/wsoy-kirjallisuussaatio.fi\/taidekokoelma\/wp-json\/wp\/v2\/posts\/71","targetHints":{"allow":["GET"]}}],"collection":[{"href":"https:\/\/wsoy-kirjallisuussaatio.fi\/taidekokoelma\/wp-json\/wp\/v2\/posts"}],"about":[{"href":"https:\/\/wsoy-kirjallisuussaatio.fi\/taidekokoelma\/wp-json\/wp\/v2\/types\/post"}],"author":[{"embeddable":true,"href":"https:\/\/wsoy-kirjallisuussaatio.fi\/taidekokoelma\/wp-json\/wp\/v2\/users\/1"}],"replies":[{"embeddable":true,"href":"https:\/\/wsoy-kirjallisuussaatio.fi\/taidekokoelma\/wp-json\/wp\/v2\/comments?post=71"}],"version-history":[{"count":4,"href":"https:\/\/wsoy-kirjallisuussaatio.fi\/taidekokoelma\/wp-json\/wp\/v2\/posts\/71\/revisions"}],"predecessor-version":[{"id":1254,"href":"https:\/\/wsoy-kirjallisuussaatio.fi\/taidekokoelma\/wp-json\/wp\/v2\/posts\/71\/revisions\/1254"}],"wp:attachment":[{"href":"https:\/\/wsoy-kirjallisuussaatio.fi\/taidekokoelma\/wp-json\/wp\/v2\/media?parent=71"}],"wp:term":[{"taxonomy":"category","embeddable":true,"href":"https:\/\/wsoy-kirjallisuussaatio.fi\/taidekokoelma\/wp-json\/wp\/v2\/categories?post=71"},{"taxonomy":"post_tag","embeddable":true,"href":"https:\/\/wsoy-kirjallisuussaatio.fi\/taidekokoelma\/wp-json\/wp\/v2\/tags?post=71"}],"curies":[{"name":"wp","href":"https:\/\/api.w.org\/{rel}","templated":true}]}}