{"id":72,"date":"2025-09-04T22:50:44","date_gmt":"2025-09-04T19:50:44","guid":{"rendered":"http:\/\/localhost\/koodisivustot\/wsoy-kirjallisuussaatio\/taidewp\/index.php\/tulenkantajan-muotokuva-elina-vaara\/"},"modified":"2025-09-11T18:02:56","modified_gmt":"2025-09-11T15:02:56","slug":"tulenkantajan-muotokuva-elina-vaara","status":"publish","type":"post","link":"https:\/\/wsoy-kirjallisuussaatio.fi\/taidekokoelma\/tulenkantajan-muotokuva-elina-vaara\/","title":{"rendered":"Tulenkantajan muotokuva: Elina Vaara"},"content":{"rendered":"<p>Sylvi Kunnas-Vehmas (1903\u20131971) maalasi yst\u00e4v\u00e4st\u00e4\u00e4n runoilija Elina Vaarasta (1903\u20131980) muotokuvan vuonna 1943. Elina Vaara tunnetaan paitsi Tulenkantajat -ryhm\u00e4n tuotteliaimpiin lukeutuvana runoilijana, my\u00f6s satukirjojen ja k\u00e4\u00e4nn\u00f6sten tekij\u00e4n\u00e4. Suru ja voima ovat kietoutuneet muotokuvassa yhteen: Vaaran olemus on murtunut, vaikka h\u00e4n on pukeutunut tyylikk\u00e4\u00e4sti ja istuu selk\u00e4 suorassa. Vuotta aikaisemmin Elina Vaaran kolmas aviomies Tatu Vaasikivi oli kuollut.<\/p>\n<p>Sylvi Kunnas-Vehmas tiesi milt\u00e4 mallista tuntui. H\u00e4nen ensimm\u00e4inen aviomiehens\u00e4 ja perheen ensisijainen el\u00e4tt\u00e4j\u00e4 V\u00e4in\u00f6 Kunnas kuoli varhain ja yll\u00e4tt\u00e4en vuonna 1929. Sylvi Kunnas j\u00e4i 26-vuotiaana leskeksi kahden lapsensa kanssa. Surun ymm\u00e4rrys ja yhdist\u00e4v\u00e4 voima tuo teokseen psykologista syvyytt\u00e4.<\/p>\n<p>Pelkistetyn muotokuvan musta suruasu on maalattu vihre\u00e4n ja sinisen vivahteissa. Roosan s\u00e4vyinen tausta luo surumieliseen ja sis\u00e4\u00e4np\u00e4in k\u00e4\u00e4ntyneeseen teokseen pehmeytt\u00e4 ja lempeytt\u00e4. Kuvapinnaltaan litte\u00e4n teoksen v\u00e4ris\u00e4vyt ovat sammutettuja tuoden mieleen kaikuja vuosisadan vaihteen syntetististisesta v\u00e4ripaletista. Taidehistorioitsija Riitta Konttinen on maininnut Elina Vaaran muotokuvan yhteydess\u00e4, ett\u00e4 taiteilija n\u00e4ytt\u00e4\u00e4 kunnioittaneen ranskalaisen modernistin Maurice Denis\u2019n m\u00e4\u00e4ritelm\u00e4\u00e4 maalauksesta ensisijaisesti litte\u00e4n\u00e4 pintana, joka on peitetty v\u00e4reill\u00e4 tietyss\u00e4 j\u00e4rjestyksess\u00e4. Teos on samanaikaisesti niukka, mutta tarkemmin katsottuna sammuneilta n\u00e4ytt\u00e4v\u00e4t v\u00e4rikokonaisuudet koostuvat vivahteikkaista s\u00e4vyvaihteluista.<\/p>\n<p>Vaikka Sylvi Kunnas-Vehmas maalasi useita muotokuvia, h\u00e4net muistetaan ensisijaisesti kuvittajana. Muun muassa Olavi Paavolaisen ja Mika Waltarin <em>Valtatiet<\/em> (1928) runokokoelman vauhdikas, ekspressiivinen kansikuva on Kunnas-Vehmaksen notkeasta kyn\u00e4st\u00e4. Erityisesti h\u00e4n n\u00e4ytt\u00e4\u00e4 kuvittaneen modernistien, muun muassa Tulenkantajien runoutta. Yhteys Tulenkantajiin n\u00e4kyy h\u00e4nen tuotannossaan viel\u00e4 1940-luvulla, jolloin h\u00e4n piirsi kuvat Elina Vaaran runokokoelmaan <em>\u00c4iti ja Lapsi<\/em> (1943). Tuona samana vuonna valmistui t\u00e4m\u00e4 muotokuva.<\/p>\n<p>L\u00e4hteet:<\/p>\n<p>Konttinen R: <em>T\u00e4\u00e4lt\u00e4 tullaan! Naistaiteilijat modernin murroksessa<\/em>. 85, 66-74. Helsinki 2017: Kustannusosakeyhti\u00f6 Siltala.<\/p>\n<p><a href=\"https:\/\/kuvataiteilijamatrikkeli.fi\/taiteilija\/sylvi-kunnas-vehmas\">Kuvataiteilijamartikkeli<\/a>. (9.5.2019)<\/p>\n<p><a href=\"https:\/\/www.kirjasampo.fi\/fi\/kulsa\/kauno%253Aperson_12317603885336\">Suomalaisten kirjastojen verkkopalvelu Kirjasampo.<\/a> (9.5.2019)<\/p>\n<p><a href=\"https:\/\/www.ouka.fi\/oulu\/pohjoista-kirjallisuutta\/elama-hymyilee\">Oulun kaupungin kirjasto Ouka<\/a> (9.5.2019).<\/p>\n<p>\u00a9 Kuvasto 2019<\/p>\n<figure id=\"attachment_1198\" aria-describedby=\"caption-attachment-1198\" style=\"width: 529px\" class=\"wp-caption alignnone\"><img loading=\"lazy\" decoding=\"async\" class=\"wp-image-1198 size-full\" src=\"https:\/\/wsoy-kirjallisuussaatio.fi\/taidewp\/wp-content\/uploads\/2025\/09\/ElinaVaara-jpg.jpg\" alt=\"\" width=\"529\" height=\"652\" srcset=\"https:\/\/wsoy-kirjallisuussaatio.fi\/taidekokoelma\/wp-content\/uploads\/2025\/09\/ElinaVaara-jpg.jpg 529w, https:\/\/wsoy-kirjallisuussaatio.fi\/taidekokoelma\/wp-content\/uploads\/2025\/09\/ElinaVaara-jpg-243x300.jpg 243w\" sizes=\"auto, (max-width: 529px) 100vw, 529px\" \/><figcaption id=\"caption-attachment-1198\" class=\"wp-caption-text\">Sylvi Kunnas-Vehmas: Elina Vaara, 1943. \u00d6ljymaalaus. Valokuva: Katri Lehtola.<\/figcaption><\/figure>\n<p>&nbsp;<\/p>\n<p>&nbsp;<\/p>\n<p>&nbsp;<\/p>\n<div><\/div>\n","protected":false},"excerpt":{"rendered":"<p>Sylvi Kunnas-Vehmas (1903\u20131971) maalasi yst\u00e4v\u00e4st\u00e4\u00e4n runoilija Elina Vaarasta (1903\u20131980) muotokuvan vuonna 1943. Elina Vaara tunnetaan paitsi Tulenkantajat -ryhm\u00e4n tuotteliaimpiin lukeutuvana runoilijana, my\u00f6s satukirjojen ja k\u00e4\u00e4nn\u00f6sten tekij\u00e4n\u00e4. Suru ja voima ovat kietoutuneet muotokuvassa yhteen: Vaaran olemus on murtunut, vaikka h\u00e4n on pukeutunut tyylikk\u00e4\u00e4sti ja istuu selk\u00e4 suorassa. Vuotta aikaisemmin Elina Vaaran kolmas aviomies Tatu Vaasikivi oli [&#8230;]<\/p>\n<p><a class=\"btn btn-secondary understrap-read-more-link\" href=\"https:\/\/wsoy-kirjallisuussaatio.fi\/taidekokoelma\/tulenkantajan-muotokuva-elina-vaara\/\">Lue lis\u00e4\u00e4&#8230;<span class=\"screen-reader-text\"> from Tulenkantajan muotokuva: Elina Vaara<\/span><\/a><\/p>\n","protected":false},"author":1,"featured_media":0,"comment_status":"open","ping_status":"open","sticky":false,"template":"","format":"standard","meta":{"footnotes":""},"categories":[8],"tags":[],"class_list":["post-72","post","type-post","status-publish","format-standard","hentry","category-taidenosto"],"_links":{"self":[{"href":"https:\/\/wsoy-kirjallisuussaatio.fi\/taidekokoelma\/wp-json\/wp\/v2\/posts\/72","targetHints":{"allow":["GET"]}}],"collection":[{"href":"https:\/\/wsoy-kirjallisuussaatio.fi\/taidekokoelma\/wp-json\/wp\/v2\/posts"}],"about":[{"href":"https:\/\/wsoy-kirjallisuussaatio.fi\/taidekokoelma\/wp-json\/wp\/v2\/types\/post"}],"author":[{"embeddable":true,"href":"https:\/\/wsoy-kirjallisuussaatio.fi\/taidekokoelma\/wp-json\/wp\/v2\/users\/1"}],"replies":[{"embeddable":true,"href":"https:\/\/wsoy-kirjallisuussaatio.fi\/taidekokoelma\/wp-json\/wp\/v2\/comments?post=72"}],"version-history":[{"count":6,"href":"https:\/\/wsoy-kirjallisuussaatio.fi\/taidekokoelma\/wp-json\/wp\/v2\/posts\/72\/revisions"}],"predecessor-version":[{"id":1256,"href":"https:\/\/wsoy-kirjallisuussaatio.fi\/taidekokoelma\/wp-json\/wp\/v2\/posts\/72\/revisions\/1256"}],"wp:attachment":[{"href":"https:\/\/wsoy-kirjallisuussaatio.fi\/taidekokoelma\/wp-json\/wp\/v2\/media?parent=72"}],"wp:term":[{"taxonomy":"category","embeddable":true,"href":"https:\/\/wsoy-kirjallisuussaatio.fi\/taidekokoelma\/wp-json\/wp\/v2\/categories?post=72"},{"taxonomy":"post_tag","embeddable":true,"href":"https:\/\/wsoy-kirjallisuussaatio.fi\/taidekokoelma\/wp-json\/wp\/v2\/tags?post=72"}],"curies":[{"name":"wp","href":"https:\/\/api.w.org\/{rel}","templated":true}]}}