{"id":89,"date":"2025-09-04T22:51:13","date_gmt":"2025-09-04T19:51:13","guid":{"rendered":"http:\/\/localhost\/koodisivustot\/wsoy-kirjallisuussaatio\/taidewp\/index.php\/essi-renvallin-kirjailijamuotokuvia\/"},"modified":"2025-09-12T15:16:46","modified_gmt":"2025-09-12T12:16:46","slug":"essi-renvallin-kirjailijamuotokuvia","status":"publish","type":"post","link":"https:\/\/wsoy-kirjallisuussaatio.fi\/taidekokoelma\/essi-renvallin-kirjailijamuotokuvia\/","title":{"rendered":"Essi Renvallin kirjailijamuotokuvia"},"content":{"rendered":"<p>Essi Renvallista (1911\u20131979) tehtiin suomalaisen kuvanveiston uusi t\u00e4hti 1940-luvulla. Oulussa syntynyt Renvall opiskeli Suomen Taideyhdistyksen piirustuskoulussa vuosina 1930\u20131932 ja h\u00e4nen ensimm\u00e4inen yksityisn\u00e4yttelyns\u00e4 Helsingiss\u00e4 vuonna 1942 oli menestys ja toi h\u00e4nelle veistostilausten vy\u00f6ryn. WSOY teki heti samana vuonna Renvallilta suuren tilauksen, joista ensimm\u00e4iseksi valmistui Helvi H\u00e4m\u00e4l\u00e4isen marmorinen muotokuva. Yrj\u00f6 A. J\u00e4ntti teki suurtilauksen muotokuvista ja mitaleista, joista suurin osa valettiin pronssiin. WSOY oli my\u00f6s mukana maksamassa Renvallilta tilattuja julkisia muistomerkkej\u00e4. Kustannustalo osallistui my\u00f6s kuvanveist\u00e4j\u00e4n oman hautamuistomerkin kustannuksista. Sen yhteyteen sijoitettiin Renvallin egyptil\u00e4istyyppinen omakuva.<\/p>\n<p>Muistelmissaan Renvall kertoi asiakasm\u00e4\u00e4r\u00e4n kasvaneen sota-aikana eri alan kulttuurihenkil\u00f6ill\u00e4 niin, ettei h\u00e4nen en\u00e4\u00e4 tarvinnut ty\u00f6skennell\u00e4 mainosalalla. Mallien joukossa oli vanhoja tuttuja, kuten Kaarlo Sarkia, josta Renvall teki my\u00f6s muistomitalin. Renvallin muistelmissa on useita tarinoita malleina k\u00e4yneist\u00e4 kirjailijoista, kuten Otto Mannisesta, Olavi Paavolaisesta, Elsa Heporaudasta, Heikki ja Armi Klemetist\u00e4, Uno Harvasta, Onni Okkosesta, Aila Meriluodosta, Elina Vaarasta, Aale Tynnist\u00e4 ja Lauri Viljasesta. Samuli Paulaharjun muotokuvia, veistosp\u00e4\u00e4t\u00e4 ja reliefi\u00e4, Renvall matkusti tekem\u00e4\u00e4n t\u00e4m\u00e4n kotiin Ouluun. Saima Harmajan ja Uuno Kailaan muotokuvat Renvall toteutti valokuvien mukaan. Harmajan muotokuvasta valmistui pronssivaloksen lis\u00e4ksi my\u00f6s keraamisia lasitettuja versioita, joista yksi kuuluu Yrj\u00f6 A. J\u00e4ntin omaan kokoelmaan.<\/p>\n<p>Renvall alkoi jo varhain toteuttaa polykromia-veistoksia ja tuoda muotokuvien pintaan v\u00e4ri\u00e4 kokeilemalla erilaisia patinointeja, koristepintoja ja lis\u00e4\u00e4m\u00e4ll\u00e4 muista metalleista tehtyj\u00e4 koruja sek\u00e4 kivi\u00e4. Eeva Joenpellon muotokuvassa h\u00e4n k\u00e4ytti osin kullanhohtoista patinointia hiuksissa ja hieman tummempaa s\u00e4vy\u00e4 kasvoissa. Huulet ja silm\u00e4t erottuvat kuparin hohtoisella v\u00e4rink\u00e4sittelyll\u00e4\u00e4n. Vaatetusta Renvall kuvasi rintakuvissa usein vain viitteellisesti. Joenpellon muotokuvaan h\u00e4n toteutti brodeeratun n\u00e4k\u00f6isen vaatetuksen, joka korostaa mallin pitk\u00e4\u00e4 kaulaa ja toimii taiteltuna jalustana.<\/p>\n<p>Suuri joukko Renvallin veistoksia oli heti niiden valmistumisen j\u00e4lkeen n\u00e4ytteill\u00e4 Helsingin Taidehallissa joulukuussa 1943, kun WSOY:n 65-vuotisjulan\u00e4yttelyss\u00e4. Seuraavan kerran sama joukko muotokuvia oli Taidehallissa tammikuussa 1972, kun kuvanveist\u00e4j\u00e4 kokosi teoksiaan n\u00e4ytteille 60-vuotisjuhlansa kunniaksi.<\/p>\n<p><img loading=\"lazy\" decoding=\"async\" src=\"http:\/\/www.wsoy-kirjallisuussaatio.fi\/taidekokoelma\/uploadkuvat\/B76_netti.jpg\" alt=\"\" width=\"530\" height=\"369\" \/><\/p>\n<p><em>Essi Renvall: Onni Okkonen, 1943. Pronssi, kork. 38 cm. A76.<\/em><\/p>\n<p><em><br \/>\n<\/em>L\u00e4hteet:<br \/>\n<em>Kirja &#8211; Kulttuurin syd\u00e4n. WSOY:n juhlan\u00e4yttely<\/em>, 1943.<br \/>\nLindstr\u00f6m, Aune: Essi Renvall &#8211; nouseva nuori kuvanveist\u00e4j\u00e4. <em>Suomen taiteen vuosikirja 1944<\/em>. WSOY 1945.<br \/>\nRenvall, Essi: <em>Nyrkit savessa<\/em>. Helsinki 1971.<\/p>\n<p><img loading=\"lazy\" decoding=\"async\" src=\"http:\/\/www.wsoy-kirjallisuussaatio.fi\/taidekokoelma\/uploadkuvat\/B64_netti.jpg\" alt=\"\" width=\"202\" height=\"291\" \/><br \/>\n<em>Essi Renvall: Helvi H\u00e4m\u00e4l\u00e4inen, 1942.<br \/>\nMarmori, kork. 36 cm. B64.<\/em><\/p>\n<figure id=\"attachment_1203\" aria-describedby=\"caption-attachment-1203\" style=\"width: 468px\" class=\"wp-caption alignnone\"><img loading=\"lazy\" decoding=\"async\" class=\"size-full wp-image-1203\" src=\"https:\/\/wsoy-kirjallisuussaatio.fi\/taidekokoelma\/wp-content\/uploads\/2025\/09\/joenpelto.jpg\" alt=\"\" width=\"468\" height=\"652\" srcset=\"https:\/\/wsoy-kirjallisuussaatio.fi\/taidekokoelma\/wp-content\/uploads\/2025\/09\/joenpelto.jpg 468w, https:\/\/wsoy-kirjallisuussaatio.fi\/taidekokoelma\/wp-content\/uploads\/2025\/09\/joenpelto-215x300.jpg 215w\" sizes=\"auto, (max-width: 468px) 100vw, 468px\" \/><figcaption id=\"caption-attachment-1203\" class=\"wp-caption-text\">Essi Renvall: Eeva Joenpelto, 1967.<br \/>Pronssi, polykromia, kork. 47 cm. A66.<\/figcaption><\/figure>\n<p>&nbsp;<\/p>\n<figure id=\"attachment_212\" aria-describedby=\"caption-attachment-212\" style=\"width: 385px\" class=\"wp-caption alignnone\"><img loading=\"lazy\" decoding=\"async\" class=\"size-full wp-image-212\" src=\"https:\/\/wsoy-kirjallisuussaatio.fi\/taidekokoelma\/wp-content\/uploads\/2025\/09\/B80_netti.jpg\" alt=\"\" width=\"385\" height=\"385\" srcset=\"https:\/\/wsoy-kirjallisuussaatio.fi\/taidekokoelma\/wp-content\/uploads\/2025\/09\/B80_netti.jpg 385w, https:\/\/wsoy-kirjallisuussaatio.fi\/taidekokoelma\/wp-content\/uploads\/2025\/09\/B80_netti-300x300.jpg 300w, https:\/\/wsoy-kirjallisuussaatio.fi\/taidekokoelma\/wp-content\/uploads\/2025\/09\/B80_netti-150x150.jpg 150w\" sizes=\"auto, (max-width: 385px) 100vw, 385px\" \/><figcaption id=\"caption-attachment-212\" class=\"wp-caption-text\">Essi Renvall: Samuli Paulaharju, 1945.<br \/>Pronssi, 40 x 33 cm. A80.<\/figcaption><\/figure>\n<p>&nbsp;<\/p>\n<p>&nbsp;<\/p>\n","protected":false},"excerpt":{"rendered":"<p>Essi Renvallista (1911\u20131979) tehtiin suomalaisen kuvanveiston uusi t\u00e4hti 1940-luvulla. Oulussa syntynyt Renvall opiskeli Suomen Taideyhdistyksen piirustuskoulussa vuosina 1930\u20131932 ja h\u00e4nen ensimm\u00e4inen yksityisn\u00e4yttelyns\u00e4 Helsingiss\u00e4 vuonna 1942 oli menestys ja toi h\u00e4nelle veistostilausten vy\u00f6ryn. WSOY teki heti samana vuonna Renvallilta suuren tilauksen, joista ensimm\u00e4iseksi valmistui Helvi H\u00e4m\u00e4l\u00e4isen marmorinen muotokuva. Yrj\u00f6 A. J\u00e4ntti teki suurtilauksen muotokuvista ja mitaleista, [&#8230;]<\/p>\n<p><a class=\"btn btn-secondary understrap-read-more-link\" href=\"https:\/\/wsoy-kirjallisuussaatio.fi\/taidekokoelma\/essi-renvallin-kirjailijamuotokuvia\/\">Lue lis\u00e4\u00e4&#8230;<span class=\"screen-reader-text\"> from Essi Renvallin kirjailijamuotokuvia<\/span><\/a><\/p>\n","protected":false},"author":1,"featured_media":212,"comment_status":"open","ping_status":"open","sticky":false,"template":"","format":"standard","meta":{"footnotes":""},"categories":[7,10],"tags":[],"class_list":["post-89","post","type-post","status-publish","format-standard","has-post-thumbnail","hentry","category-teemanosto","category-teemanosto-kuvalla"],"_links":{"self":[{"href":"https:\/\/wsoy-kirjallisuussaatio.fi\/taidekokoelma\/wp-json\/wp\/v2\/posts\/89","targetHints":{"allow":["GET"]}}],"collection":[{"href":"https:\/\/wsoy-kirjallisuussaatio.fi\/taidekokoelma\/wp-json\/wp\/v2\/posts"}],"about":[{"href":"https:\/\/wsoy-kirjallisuussaatio.fi\/taidekokoelma\/wp-json\/wp\/v2\/types\/post"}],"author":[{"embeddable":true,"href":"https:\/\/wsoy-kirjallisuussaatio.fi\/taidekokoelma\/wp-json\/wp\/v2\/users\/1"}],"replies":[{"embeddable":true,"href":"https:\/\/wsoy-kirjallisuussaatio.fi\/taidekokoelma\/wp-json\/wp\/v2\/comments?post=89"}],"version-history":[{"count":3,"href":"https:\/\/wsoy-kirjallisuussaatio.fi\/taidekokoelma\/wp-json\/wp\/v2\/posts\/89\/revisions"}],"predecessor-version":[{"id":1271,"href":"https:\/\/wsoy-kirjallisuussaatio.fi\/taidekokoelma\/wp-json\/wp\/v2\/posts\/89\/revisions\/1271"}],"wp:featuredmedia":[{"embeddable":true,"href":"https:\/\/wsoy-kirjallisuussaatio.fi\/taidekokoelma\/wp-json\/wp\/v2\/media\/212"}],"wp:attachment":[{"href":"https:\/\/wsoy-kirjallisuussaatio.fi\/taidekokoelma\/wp-json\/wp\/v2\/media?parent=89"}],"wp:term":[{"taxonomy":"category","embeddable":true,"href":"https:\/\/wsoy-kirjallisuussaatio.fi\/taidekokoelma\/wp-json\/wp\/v2\/categories?post=89"},{"taxonomy":"post_tag","embeddable":true,"href":"https:\/\/wsoy-kirjallisuussaatio.fi\/taidekokoelma\/wp-json\/wp\/v2\/tags?post=89"}],"curies":[{"name":"wp","href":"https:\/\/api.w.org\/{rel}","templated":true}]}}