{"id":90,"date":"2025-09-04T22:51:13","date_gmt":"2025-09-04T19:51:13","guid":{"rendered":"http:\/\/localhost\/koodisivustot\/wsoy-kirjallisuussaatio\/taidewp\/index.php\/hilkka-toivolan-fresko\/"},"modified":"2025-09-12T09:21:35","modified_gmt":"2025-09-12T06:21:35","slug":"hilkka-toivolan-fresko","status":"publish","type":"post","link":"https:\/\/wsoy-kirjallisuussaatio.fi\/taidekokoelma\/hilkka-toivolan-fresko\/","title":{"rendered":"Hilkka Toivolan fresko"},"content":{"rendered":"<p>Kustantajan lihavat vuodet tuottivat kaikkea hyv\u00e4\u00e4 kulttuurin ja taiteen alalle 1940-luvulla. Aleksis Kiven p\u00e4iv\u00e4n\u00e4 vuonna 1947 paljastettiin Tytt\u00f6normaalilyseossa Helsingin T\u00f6\u00f6l\u00f6ss\u00e4 Hilkka Toivolan kolmiosainen fresko <em>Ihmisen elinp\u00e4iv\u00e4t<\/em>, kooltaan 3 x 15 neli\u00f6metri\u00e4. Freskon kustannuksista huolehti WSOY ja t\u00e4ll\u00e4 lahjalla haluttiin kunnioittaa taiteilija Venny Soldan-Brofeldtin muistoa.<\/p>\n<p>Teos oli Hilkka Toivolan (1909\u20132002) ensimm\u00e4inen julkinen tilausty\u00f6. Oli harvinaista, ett\u00e4 julkisen suuren teoksen tekij\u00e4ksi palkattiin nainen, mutta Yrj\u00f6 A. J\u00e4ntti n\u00e4ytti olevan taiteilijan sukupuolen suhteen neutraali tilausta tehdess\u00e4\u00e4n. Kriitikot kiinnittiv\u00e4t sen sijaan huomion taiteilijan hentoon kokoon ja siihen, ett\u00e4 tekij\u00e4n valinta oli osunut naistaiteilijaan. Turkulainen Toivola toteutti samana vuonna yhden teoksen yksityiskohdista eli <em>Lukevia lapsia<\/em>. Se muurattiin WSOY:n toimitalon sein\u00e4\u00e4n osoitteessa Bulevardi 12.<\/p>\n<p><em>Lukevia lapsia<\/em> on sommittelultaan l\u00e4hes samanlainen kuin alkuper\u00e4inen aihe suuressa freskossa. Siihen on valittu kohta, jossa on kaksi lasta kirjaa lukien, taustanaan paljaita puun runkoja. Kuviteltu taustamaisema n\u00e4ytt\u00e4\u00e4 korvautuneen v\u00e4ripinnoilla. Teosten v\u00e4rimaailma eroaa toisistaan varsinkin taustan osalta. Pieni fresko on raikas, kirkkaat keltaiset ja turkoosit valaisevat sit\u00e4. Teoksen pinnan yksityiskohtia tutkittaessa freskosta paljastuu Toivolan nopeutta vaatinut k\u00e4denj\u00e4lki ja sen laastipinnan rosoisuus. Teos on tilaus tai kiitoslahja tilauksen tekij\u00e4lle.<\/p>\n<p>Aikalaisarvosteluista saa sellaisen k\u00e4sityksen, ett\u00e4 Toivolan on tyylillisesti ottanut mallia freskotekniikan opettajistaan, kuten Lennart Segerstr\u00e5lesta. Toivolan k\u00e4denj\u00e4lki on kuitenkin t\u00e4ysin tunnistettava ja h\u00e4nelle ominainen. Ennen sotaa Toivola oli ehtinyt opiskella freskotekniikkaa Italiassa ja 1950-luvun lopulla alkaen h\u00e4n opetti tekniikkaa Turun Taiteilijaseuran j\u00e4rjest\u00e4mill\u00e4 kursseilla.<\/p>\n<p>Kun WSOY:n kustannustalo syksyll\u00e4 2012 muutti pois Bulevardilta, p\u00e4\u00e4tettiin my\u00f6s pian <em>Lukevia lapsia<\/em> -freskon siirt\u00e4misest\u00e4 pois alkuper\u00e4iselt\u00e4 paikaltaan. Kaksi konservaattoria irrotti omassa kehyksess\u00e4\u00e4n olevan teoksen sein\u00e4rakenteista. Fresko konservoitiin ja sille teetettiin ripustamista varten uusi kehys.<\/p>\n<p>L\u00e4hteet:<br \/>\nRuohonen, Johanna: Monumentaalimaalaus Turussa &#8211; Hilkka Toivola ja Otso Karpakka tienn\u00e4ytt\u00e4jin\u00e4. <em>Otso Karpakka ja Hilkka Toivola &#8211; Yhdess\u00e4 eletty\u00e4<\/em>. W\u00e4in\u00f6 Aaltosen museo 2006, 31-43.<br \/>\nSaarikivi, Sakari: Suomalaisen taiteilijan &#8221;s\u00e4\u00e4dyllinen murhen\u00e4ytelm\u00e4&#8221;. 10 vuotta Hilkka Toivolan taiteilijantiet\u00e4. <em>Suomen taiteen vuosikirja 1945<\/em>. WSOY 1946, 139-148.<br \/>\nWillner-R\u00f6nnholm, Margareta: <em>Turun koulun naiset 1920-1950<\/em>. Turun taidemuseo 2004.<\/p>\n<figure id=\"attachment_1229\" aria-describedby=\"caption-attachment-1229\" style=\"width: 343px\" class=\"wp-caption alignnone\"><img loading=\"lazy\" decoding=\"async\" class=\"size-full wp-image-1229\" src=\"https:\/\/wsoy-kirjallisuussaatio.fi\/taidewp\/wp-content\/uploads\/2025\/09\/A105_netti-1.jpg\" alt=\"\" width=\"343\" height=\"454\" srcset=\"https:\/\/wsoy-kirjallisuussaatio.fi\/taidekokoelma\/wp-content\/uploads\/2025\/09\/A105_netti-1.jpg 343w, https:\/\/wsoy-kirjallisuussaatio.fi\/taidekokoelma\/wp-content\/uploads\/2025\/09\/A105_netti-1-227x300.jpg 227w\" sizes=\"auto, (max-width: 343px) 100vw, 343px\" \/><figcaption id=\"caption-attachment-1229\" class=\"wp-caption-text\">Hilkka Toivola: Lukevia lapsia, 1947. Fresko, 99,5 x 76 cm. A105.<\/figcaption><\/figure>\n<p>&nbsp;<\/p>\n","protected":false},"excerpt":{"rendered":"<p>Kustantajan lihavat vuodet tuottivat kaikkea hyv\u00e4\u00e4 kulttuurin ja taiteen alalle 1940-luvulla. Aleksis Kiven p\u00e4iv\u00e4n\u00e4 vuonna 1947 paljastettiin Tytt\u00f6normaalilyseossa Helsingin T\u00f6\u00f6l\u00f6ss\u00e4 Hilkka Toivolan kolmiosainen fresko Ihmisen elinp\u00e4iv\u00e4t, kooltaan 3 x 15 neli\u00f6metri\u00e4. Freskon kustannuksista huolehti WSOY ja t\u00e4ll\u00e4 lahjalla haluttiin kunnioittaa taiteilija Venny Soldan-Brofeldtin muistoa. Teos oli Hilkka Toivolan (1909\u20132002) ensimm\u00e4inen julkinen tilausty\u00f6. Oli harvinaista, ett\u00e4 [&#8230;]<\/p>\n<p><a class=\"btn btn-secondary understrap-read-more-link\" href=\"https:\/\/wsoy-kirjallisuussaatio.fi\/taidekokoelma\/hilkka-toivolan-fresko\/\">Lue lis\u00e4\u00e4&#8230;<span class=\"screen-reader-text\"> from Hilkka Toivolan fresko<\/span><\/a><\/p>\n","protected":false},"author":1,"featured_media":200,"comment_status":"open","ping_status":"open","sticky":false,"template":"","format":"standard","meta":{"footnotes":""},"categories":[7,10],"tags":[],"class_list":["post-90","post","type-post","status-publish","format-standard","has-post-thumbnail","hentry","category-teemanosto","category-teemanosto-kuvalla"],"_links":{"self":[{"href":"https:\/\/wsoy-kirjallisuussaatio.fi\/taidekokoelma\/wp-json\/wp\/v2\/posts\/90","targetHints":{"allow":["GET"]}}],"collection":[{"href":"https:\/\/wsoy-kirjallisuussaatio.fi\/taidekokoelma\/wp-json\/wp\/v2\/posts"}],"about":[{"href":"https:\/\/wsoy-kirjallisuussaatio.fi\/taidekokoelma\/wp-json\/wp\/v2\/types\/post"}],"author":[{"embeddable":true,"href":"https:\/\/wsoy-kirjallisuussaatio.fi\/taidekokoelma\/wp-json\/wp\/v2\/users\/1"}],"replies":[{"embeddable":true,"href":"https:\/\/wsoy-kirjallisuussaatio.fi\/taidekokoelma\/wp-json\/wp\/v2\/comments?post=90"}],"version-history":[{"count":3,"href":"https:\/\/wsoy-kirjallisuussaatio.fi\/taidekokoelma\/wp-json\/wp\/v2\/posts\/90\/revisions"}],"predecessor-version":[{"id":1269,"href":"https:\/\/wsoy-kirjallisuussaatio.fi\/taidekokoelma\/wp-json\/wp\/v2\/posts\/90\/revisions\/1269"}],"wp:featuredmedia":[{"embeddable":true,"href":"https:\/\/wsoy-kirjallisuussaatio.fi\/taidekokoelma\/wp-json\/wp\/v2\/media\/200"}],"wp:attachment":[{"href":"https:\/\/wsoy-kirjallisuussaatio.fi\/taidekokoelma\/wp-json\/wp\/v2\/media?parent=90"}],"wp:term":[{"taxonomy":"category","embeddable":true,"href":"https:\/\/wsoy-kirjallisuussaatio.fi\/taidekokoelma\/wp-json\/wp\/v2\/categories?post=90"},{"taxonomy":"post_tag","embeddable":true,"href":"https:\/\/wsoy-kirjallisuussaatio.fi\/taidekokoelma\/wp-json\/wp\/v2\/tags?post=90"}],"curies":[{"name":"wp","href":"https:\/\/api.w.org\/{rel}","templated":true}]}}