{"id":92,"date":"2025-09-04T22:51:13","date_gmt":"2025-09-04T19:51:13","guid":{"rendered":"http:\/\/localhost\/koodisivustot\/wsoy-kirjallisuussaatio\/taidewp\/index.php\/ariadna-donnerin-tuntemattomat-kirjaimet\/"},"modified":"2025-09-11T18:20:29","modified_gmt":"2025-09-11T15:20:29","slug":"ariadna-donnerin-tuntemattomat-kirjaimet","status":"publish","type":"post","link":"https:\/\/wsoy-kirjallisuussaatio.fi\/taidekokoelma\/ariadna-donnerin-tuntemattomat-kirjaimet\/","title":{"rendered":"Ariadna Donnerin tuntemattomat kirjaimet"},"content":{"rendered":"<p>Tekstiilitaiteilija Ariadna Donner (s. 1946) valmistaa teoksensa alusta alkaen itse. H\u00e4n on kertonut, ett\u00e4 yhden suuren kuvakudoksen valmistamiseen pystykudontapuilla voi menn\u00e4 aikaa 6\u22129 kuukautta. Erilaisia lankoja pellavasta villaan saattaa kulua yli 7 kg. Luonnokset h\u00e4n tekee lyijykyn\u00e4ll\u00e4 tai hiilell\u00e4, v\u00e4rit tulevat mukaan vasta kudontavaiheessa. Donnerin maalausmateriaali on lanka. Langat pujotellaan loimien v\u00e4liin k\u00e4sin ja ly\u00f6ntiapuna on puukampa. Teoksen tekeminen alkaa alareunasta ja ty\u00f6skentely tapahtuu ty\u00f6n nurjalla puolella. T\u00e4m\u00e4 vaatii tekij\u00e4lt\u00e4 erityist\u00e4 ymm\u00e4rryst\u00e4 kokonaisuuden hahmottamiseen ja viitseli\u00e4isyytt\u00e4 viimeistelyss\u00e4.<\/p>\n<p><em>Muistiin kudottu<\/em> (1997) on Donnerin muihin kuvakudoksiin verrattuna v\u00e4hemm\u00e4n orgaaninen. Siin\u00e4 on selke\u00e4t viivastot ja raidalliset pinnat, mutta tekij\u00e4lleen tyypillisesti langoilla luodut kirjaimia muistuttavat kuviot pyrkiv\u00e4t pois niille rajatusta tilasta. Katsoja yritt\u00e4\u00e4 l\u00f6yt\u00e4\u00e4 jotain tunnistettavaa kirjainta, mutta Donner onkin keksinyt oman salaper\u00e4isen kirjaimiston ja kielen. H\u00e4n kutsuu t\u00f6it\u00e4\u00e4n p\u00e4iv\u00e4kirjoiksi. Teos on yht\u00e4 aikaa esitt\u00e4v\u00e4 ja abstrakti, katsoo sit\u00e4 l\u00e4helt\u00e4 tai kaukaa. V\u00e4rej\u00e4 ja lankamateriaalia on lukemattomia, valmislangoista itse v\u00e4rj\u00e4ttyihin.<\/p>\n<p>Taideteollisesta korkeakoulusta valmistuttuaan tekstiilitaiteilija Ariadna Donner suunnitteli alkuun painokankaita ja teki graafista suunnittelua kuvituksista animaatioon. Vuonna 2002 Donner valittiin Vuoden Taidek\u00e4sity\u00f6l\u00e4iseksi ja vuonna 2012 Art Forum Helsinki -nykytaide tapahtumassa vuoden taiteilijaksi. H\u00e4n on osallistunut ahkerasti n\u00e4yttelyihin kotimassa ja ulkomailla.<\/p>\n<p>L\u00e4hteet:<br \/>\n<em>J\u00e4lki\u00e4 v\u00e4rikartalla<\/em> -n\u00e4yttely, Kajaanin taidemuseo 2004<br \/>\nKainuun Sanomat 21.2.2004<br \/>\nKaleva 25.2.2004<\/p>\n<figure id=\"attachment_1194\" aria-describedby=\"caption-attachment-1194\" style=\"width: 336px\" class=\"wp-caption alignnone\"><img loading=\"lazy\" decoding=\"async\" class=\"wp-image-1194 size-full\" src=\"https:\/\/wsoy-kirjallisuussaatio.fi\/taidewp\/wp-content\/uploads\/2025\/09\/E1_laaja_netti.jpg\" alt=\"\" width=\"336\" height=\"567\" srcset=\"https:\/\/wsoy-kirjallisuussaatio.fi\/taidekokoelma\/wp-content\/uploads\/2025\/09\/E1_laaja_netti.jpg 336w, https:\/\/wsoy-kirjallisuussaatio.fi\/taidekokoelma\/wp-content\/uploads\/2025\/09\/E1_laaja_netti-178x300.jpg 178w\" sizes=\"auto, (max-width: 336px) 100vw, 336px\" \/><figcaption id=\"caption-attachment-1194\" class=\"wp-caption-text\">Ariadna Donner: Muistiin kudottu, 1997. Kuvakudos, 206 x 185 cm. E1. Alla yksityiskohta.<\/figcaption><\/figure>\n<p><img loading=\"lazy\" decoding=\"async\" class=\"alignnone size-full wp-image-1195\" src=\"https:\/\/wsoy-kirjallisuussaatio.fi\/taidewp\/wp-content\/uploads\/2025\/09\/E1_lhikuva_2_netti.jpg\" alt=\"\" width=\"530\" height=\"796\" srcset=\"https:\/\/wsoy-kirjallisuussaatio.fi\/taidekokoelma\/wp-content\/uploads\/2025\/09\/E1_lhikuva_2_netti.jpg 530w, https:\/\/wsoy-kirjallisuussaatio.fi\/taidekokoelma\/wp-content\/uploads\/2025\/09\/E1_lhikuva_2_netti-200x300.jpg 200w\" sizes=\"auto, (max-width: 530px) 100vw, 530px\" \/><\/p>\n<p>&nbsp;<\/p>\n","protected":false},"excerpt":{"rendered":"<p>Tekstiilitaiteilija Ariadna Donner (s. 1946) valmistaa teoksensa alusta alkaen itse. H\u00e4n on kertonut, ett\u00e4 yhden suuren kuvakudoksen valmistamiseen pystykudontapuilla voi menn\u00e4 aikaa 6\u22129 kuukautta. Erilaisia lankoja pellavasta villaan saattaa kulua yli 7 kg. Luonnokset h\u00e4n tekee lyijykyn\u00e4ll\u00e4 tai hiilell\u00e4, v\u00e4rit tulevat mukaan vasta kudontavaiheessa. Donnerin maalausmateriaali on lanka. Langat pujotellaan loimien v\u00e4liin k\u00e4sin ja ly\u00f6ntiapuna [&#8230;]<\/p>\n<p><a class=\"btn btn-secondary understrap-read-more-link\" href=\"https:\/\/wsoy-kirjallisuussaatio.fi\/taidekokoelma\/ariadna-donnerin-tuntemattomat-kirjaimet\/\">Lue lis\u00e4\u00e4&#8230;<span class=\"screen-reader-text\"> from Ariadna Donnerin tuntemattomat kirjaimet<\/span><\/a><\/p>\n","protected":false},"author":1,"featured_media":0,"comment_status":"open","ping_status":"open","sticky":false,"template":"","format":"standard","meta":{"footnotes":""},"categories":[7],"tags":[],"class_list":["post-92","post","type-post","status-publish","format-standard","hentry","category-teemanosto"],"_links":{"self":[{"href":"https:\/\/wsoy-kirjallisuussaatio.fi\/taidekokoelma\/wp-json\/wp\/v2\/posts\/92","targetHints":{"allow":["GET"]}}],"collection":[{"href":"https:\/\/wsoy-kirjallisuussaatio.fi\/taidekokoelma\/wp-json\/wp\/v2\/posts"}],"about":[{"href":"https:\/\/wsoy-kirjallisuussaatio.fi\/taidekokoelma\/wp-json\/wp\/v2\/types\/post"}],"author":[{"embeddable":true,"href":"https:\/\/wsoy-kirjallisuussaatio.fi\/taidekokoelma\/wp-json\/wp\/v2\/users\/1"}],"replies":[{"embeddable":true,"href":"https:\/\/wsoy-kirjallisuussaatio.fi\/taidekokoelma\/wp-json\/wp\/v2\/comments?post=92"}],"version-history":[{"count":2,"href":"https:\/\/wsoy-kirjallisuussaatio.fi\/taidekokoelma\/wp-json\/wp\/v2\/posts\/92\/revisions"}],"predecessor-version":[{"id":1263,"href":"https:\/\/wsoy-kirjallisuussaatio.fi\/taidekokoelma\/wp-json\/wp\/v2\/posts\/92\/revisions\/1263"}],"wp:attachment":[{"href":"https:\/\/wsoy-kirjallisuussaatio.fi\/taidekokoelma\/wp-json\/wp\/v2\/media?parent=92"}],"wp:term":[{"taxonomy":"category","embeddable":true,"href":"https:\/\/wsoy-kirjallisuussaatio.fi\/taidekokoelma\/wp-json\/wp\/v2\/categories?post=92"},{"taxonomy":"post_tag","embeddable":true,"href":"https:\/\/wsoy-kirjallisuussaatio.fi\/taidekokoelma\/wp-json\/wp\/v2\/tags?post=92"}],"curies":[{"name":"wp","href":"https:\/\/api.w.org\/{rel}","templated":true}]}}